{"id":794,"date":"2013-02-16T15:43:02","date_gmt":"2013-02-16T13:43:02","guid":{"rendered":"http:\/\/www.paraairaugsburg.de\/wp\/?p=794"},"modified":"2013-02-23T19:25:24","modified_gmt":"2013-02-23T17:25:24","slug":"die-tollen-tage-in-bassano","status":"publish","type":"post","link":"https:\/\/www.paraairaugsburg.de\/wp\/die-tollen-tage-in-bassano\/","title":{"rendered":"*** Die tollen Tage in Bassano&#8220; ***"},"content":{"rendered":"<p><a href=\"https:\/\/www.paraairaugsburg.de\/wp\/?attachment_id=799\" rel=\"attachment wp-att-799\"><img loading=\"lazy\" decoding=\"async\" class=\"alignleft size-thumbnail wp-image-799\" alt=\"DSC02184\" src=\"https:\/\/www.paraairaugsburg.de\/wp\/wp-content\/uploads\/2013\/02\/DSC02184-150x112.jpg\" width=\"150\" height=\"112\" \/><\/a>Wie jedes Jahr nutzten 8 Mitglieder die Faschingstage f\u00fcr eine Reise nach Bassano und wie jedes Jahr waren zum Teil super Bedingungen f\u00fcr lange Thermikfl\u00fcge. Von Freitag bis Sonntag meinte es der Wettergott gut und schickte jedemenge Sonne bei allerdings schattigen Temperaturen. Unten warm und oben kalt, Fliegerherz was willst du mehr. Die Ergebnisse der Fl\u00fcge findet ihr im XC des DHV. (<a href=\"http:\/\/dhv-xc.de\/xc\/modules\/leonardo\/index.php?name=leonardo&amp;nacid=1&amp;nacclubid=251\">http:\/\/dhv-xc.de\/xc\/modules\/leonardo\/index.php?name=leonardo&amp;nacid=1&amp;nacclubid=251<\/a>). Nachdem klar war, dass das Wetter am Montag und Dienstag nicht zum fliegen einladen wird und Helmut sich schon am Freitag das Kreuz verenkt hatte, fuhren die h\u00e4lfte der Manschaft heim. Der Rest feierte Carneval in Venedig bei dichtem Schneetreiben und guter Stimmung. Bassano war wieder mal eine Reise wert. Ein Video findet von Toni findet ihr\u00a0 unter <a href=\"http:\/\/vimeo.com\/59718160\">http:\/\/vimeo.com\/59718160<\/a>,<\/p>\n<p><a href=\"https:\/\/www.paraairaugsburg.de\/wp\/?attachment_id=797\" rel=\"attachment wp-att-797\"><img loading=\"lazy\" decoding=\"async\" class=\"alignleft size-thumbnail wp-image-797\" alt=\"DSC00078\" src=\"https:\/\/www.paraairaugsburg.de\/wp\/wp-content\/uploads\/2013\/02\/DSC00078-150x112.jpg\" width=\"150\" height=\"112\" \/><\/a> <a href=\"https:\/\/www.paraairaugsburg.de\/wp\/?attachment_id=798\" rel=\"attachment wp-att-798\"><img loading=\"lazy\" decoding=\"async\" class=\"alignleft size-thumbnail wp-image-798\" alt=\"DSC02195\" src=\"https:\/\/www.paraairaugsburg.de\/wp\/wp-content\/uploads\/2013\/02\/DSC02195-150x112.jpg\" width=\"150\" height=\"112\" \/><\/a> <a href=\"https:\/\/www.paraairaugsburg.de\/wp\/?attachment_id=800\" rel=\"attachment wp-att-800\"><img loading=\"lazy\" decoding=\"async\" class=\"alignleft size-thumbnail wp-image-800\" alt=\"DSC02246\" src=\"https:\/\/www.paraairaugsburg.de\/wp\/wp-content\/uploads\/2013\/02\/DSC02246-150x112.jpg\" width=\"150\" height=\"112\" \/><\/a> <a href=\"https:\/\/www.paraairaugsburg.de\/wp\/?attachment_id=796\" rel=\"attachment wp-att-796\"><img loading=\"lazy\" decoding=\"async\" class=\"alignleft size-thumbnail wp-image-796\" alt=\"DSC00071\" src=\"https:\/\/www.paraairaugsburg.de\/wp\/wp-content\/uploads\/2013\/02\/DSC00071-150x112.jpg\" width=\"150\" height=\"112\" \/><\/a><\/p>\n","protected":false},"excerpt":{"rendered":"<p>Wie jedes Jahr nutzten 8 Mitglieder die Faschingstage f\u00fcr eine Reise nach Bassano und wie jedes Jahr waren zum Teil super Bedingungen f\u00fcr lange Thermikfl\u00fcge. Von Freitag bis Sonntag meinte es der Wettergott gut und schickte jedemenge Sonne bei allerdings [&hellip;]<\/p>\n","protected":false},"author":4,"featured_media":0,"comment_status":"closed","ping_status":"open","sticky":false,"template":"","format":"standard","meta":{"footnotes":"","_links_to":"","_links_to_target":""},"categories":[1],"tags":[],"class_list":["post-794","post","type-post","status-publish","format-standard","hentry","category-allgemein"],"_links":{"self":[{"href":"https:\/\/www.paraairaugsburg.de\/wp\/wp-json\/wp\/v2\/posts\/794","targetHints":{"allow":["GET"]}}],"collection":[{"href":"https:\/\/www.paraairaugsburg.de\/wp\/wp-json\/wp\/v2\/posts"}],"about":[{"href":"https:\/\/www.paraairaugsburg.de\/wp\/wp-json\/wp\/v2\/types\/post"}],"author":[{"embeddable":true,"href":"https:\/\/www.paraairaugsburg.de\/wp\/wp-json\/wp\/v2\/users\/4"}],"replies":[{"embeddable":true,"href":"https:\/\/www.paraairaugsburg.de\/wp\/wp-json\/wp\/v2\/comments?post=794"}],"version-history":[{"count":8,"href":"https:\/\/www.paraairaugsburg.de\/wp\/wp-json\/wp\/v2\/posts\/794\/revisions"}],"predecessor-version":[{"id":801,"href":"https:\/\/www.paraairaugsburg.de\/wp\/wp-json\/wp\/v2\/posts\/794\/revisions\/801"}],"wp:attachment":[{"href":"https:\/\/www.paraairaugsburg.de\/wp\/wp-json\/wp\/v2\/media?parent=794"}],"wp:term":[{"taxonomy":"category","embeddable":true,"href":"https:\/\/www.paraairaugsburg.de\/wp\/wp-json\/wp\/v2\/categories?post=794"},{"taxonomy":"post_tag","embeddable":true,"href":"https:\/\/www.paraairaugsburg.de\/wp\/wp-json\/wp\/v2\/tags?post=794"}],"curies":[{"name":"wp","href":"https:\/\/api.w.org\/{rel}","templated":true}]}}